{"id":1227,"date":"2025-05-14T12:39:30","date_gmt":"2025-05-14T10:39:30","guid":{"rendered":"https:\/\/delfinkinafali.pl\/?p=1227"},"modified":"2025-05-14T12:40:19","modified_gmt":"2025-05-14T10:40:19","slug":"oswajamy-nie-zmuszamy","status":"publish","type":"post","link":"https:\/\/delfinkinafali.pl\/index.php\/2025\/05\/14\/oswajamy-nie-zmuszamy\/","title":{"rendered":"Nie zmuszajmy"},"content":{"rendered":"<h3 class=\"\" data-start=\"225\" data-end=\"270\"><strong data-start=\"229\" data-end=\"270\">Strach przed wod\u0105 to normalna sprawa!<\/strong><\/h3>\n<p class=\"\" data-start=\"272\" data-end=\"541\">Strach przed wod\u0105 to naturalna i zdrowa reakcja dziecka. Wbrew pozorom \u2013 to nie przeszkoda, ale sygna\u0142, \u017ce maluch rozumie zagro\u017cenie i pr\u00f3buje si\u0119 chroni\u0107. Woda to pi\u0119kny \u017cywio\u0142, ale te\u017c taki, kt\u00f3rego trzeba si\u0119 nauczy\u0107 \u2014 krok po kroku, bez presji i z pe\u0142nym wsparciem.<\/p>\n<p class=\"\" data-start=\"543\" data-end=\"864\">To w\u0142a\u015bnie <strong data-start=\"554\" data-end=\"596\">dzieci, kt\u00f3re czuj\u0105 respekt przed wod\u0105<\/strong>, rzadziej podejmuj\u0105 ryzykowne decyzje. Nie skacz\u0105 bez zastanowienia, nie wchodz\u0105 same do g\u0142\u0119bokiego basenu, nie ignoruj\u0105 zasad bezpiecze\u0144stwa. Ten strach <strong data-start=\"751\" data-end=\"771\">uczy ostro\u017cno\u015bci<\/strong>, daje czas na oswojenie, na rozw\u00f3j zaufania do siebie, do doros\u0142ych i do \u015brodowiska wodnego.<\/p>\n<p class=\"\" data-start=\"866\" data-end=\"1092\">Nie pr\u00f3bujmy go zbyt szybko zag\u0142usza\u0107 \u2013 <strong data-start=\"906\" data-end=\"934\">oswajajmy, nie zmuszajmy<\/strong>. Pozw\u00f3lmy dziecku zanurzy\u0107 si\u0119 w wodnym \u015bwiecie we w\u0142asnym tempie.<\/p>\n<p class=\"\" data-start=\"866\" data-end=\"1092\">Tylko wtedy nauka p\u0142ywania stanie si\u0119 nie tylko skuteczna, ale te\u017c przyjemna i bezpieczna.<\/p>\n","protected":false},"excerpt":{"rendered":"<p>Strach przed wod\u0105 to normalna sprawa! Strach przed wod\u0105 to naturalna i zdrowa reakcja dziecka. Wbrew pozorom \u2013 to nie&nbsp;[&hellip;]<\/p>\n","protected":false},"author":3,"featured_media":1228,"comment_status":"closed","ping_status":"open","sticky":false,"template":"","format":"standard","meta":{"ngg_post_thumbnail":0,"footnotes":""},"categories":[2],"tags":[],"author_meta":{"display_name":"Ewelina \u0141\u0119czycka","author_link":"https:\/\/delfinkinafali.pl\/index.php\/author\/ewela\/"},"featured_img":"https:\/\/delfinkinafali.pl\/wp-content\/uploads\/2025\/05\/strach_przed_woda_osadzone.svg","_links":{"self":[{"href":"https:\/\/delfinkinafali.pl\/index.php\/wp-json\/wp\/v2\/posts\/1227"}],"collection":[{"href":"https:\/\/delfinkinafali.pl\/index.php\/wp-json\/wp\/v2\/posts"}],"about":[{"href":"https:\/\/delfinkinafali.pl\/index.php\/wp-json\/wp\/v2\/types\/post"}],"author":[{"embeddable":true,"href":"https:\/\/delfinkinafali.pl\/index.php\/wp-json\/wp\/v2\/users\/3"}],"replies":[{"embeddable":true,"href":"https:\/\/delfinkinafali.pl\/index.php\/wp-json\/wp\/v2\/comments?post=1227"}],"version-history":[{"count":2,"href":"https:\/\/delfinkinafali.pl\/index.php\/wp-json\/wp\/v2\/posts\/1227\/revisions"}],"predecessor-version":[{"id":1230,"href":"https:\/\/delfinkinafali.pl\/index.php\/wp-json\/wp\/v2\/posts\/1227\/revisions\/1230"}],"wp:featuredmedia":[{"embeddable":true,"href":"https:\/\/delfinkinafali.pl\/index.php\/wp-json\/wp\/v2\/media\/1228"}],"wp:attachment":[{"href":"https:\/\/delfinkinafali.pl\/index.php\/wp-json\/wp\/v2\/media?parent=1227"}],"wp:term":[{"taxonomy":"category","embeddable":true,"href":"https:\/\/delfinkinafali.pl\/index.php\/wp-json\/wp\/v2\/categories?post=1227"},{"taxonomy":"post_tag","embeddable":true,"href":"https:\/\/delfinkinafali.pl\/index.php\/wp-json\/wp\/v2\/tags?post=1227"}],"curies":[{"name":"wp","href":"https:\/\/api.w.org\/{rel}","templated":true}]}}